{"id":7378,"date":"2019-06-07T08:29:36","date_gmt":"2019-06-07T06:29:36","guid":{"rendered":"https:\/\/www.tracarte.it\/?p=7378"},"modified":"2019-06-14T01:29:01","modified_gmt":"2019-06-13T23:29:01","slug":"isabel-baraona","status":"publish","type":"post","link":"https:\/\/www.tracarte.it\/?p=7378","title":{"rendered":"Isabel Baraona"},"content":{"rendered":"<p>Isabel Baraona insegna ESAD.CR dal 2003 nel corso di Arti plastiche. Ha conseguito una laurea in Pittura presso La Cambre (Belgio) e un dottorato in Arti visive e Intermedia presso l\u2019Universit\u00e0 Politecnica di Valencia (Spagna). Nel 2013, durante una borsa post-dottorato, \u00e8 stato Fellow dell\u2019Universit\u00e0 di Rennes 2 (Francia) dove ha sviluppato un\u2019indagine che ha dato vita al progetto Tipo.pt, un archivio online su libri d\u2019artista e edizione dell\u2019autore in Portogallo; \u00e8 co-editore dell\u2019Annuario della Piccola Stampa Portoghese. Nel 2001, ha iniziato la sua carriera professionale con una mostra individuale dal titolo mitologie, avendo partecipato a numerose mostre individuali e collettive in Portogallo e all\u2019estero. \u00c8 stata uno dei membri fondatori di Oficina do Cego &#8211; Associa\u00e7\u00e3o de Artes Gr\u00e1ficas , con la quale ha collaborato fino al 2013. Tra il 2011 e il 2016 \u00e8 stata una delle organizzatrici di What a book can, incontri annuali intorno a libri d\u2019artista e d\u2019autore. Collabora in modo informale con JAB &#8211; Journal of Artists \u2018Books dal 2011. Principali mostre personali: 2016 amanh\u00e3, Funda\u00e7\u00e3o D. Lu\u00eds, Cascais; 2016 a m\u00e3o que desenha escreve a palavra, Biblioteca Municipal de Viana do Castelo (cat.); 2014 \u00e0 demain Office d\u2019Art Contemporain, Bruxelles, Belgio; 2011 Pri\u00e8re de Bonheur, Office d\u2019Art Contemporain, Bruxelles, Belgio; 2010 Automne Portugais\/ Saison Portugaise, Quai de la Batterie, Arras, Francia; 2009 folhas, p\u00e1ginas e outros desenhos, Artadentro, Faro. Mostre collettive pi\u00f9 recenti: 2019 A Incontorn\u00e1vel Tangibilidade do Livro (&#8230;), MNAC, Lisbona; 2018 Book = Book, SAIC Flaxman Library &amp; Special Collection Exhibitions, Chicago, USA ; 2018 ar, org. Artadentro, Museu Municipal de Faro, Faro (Cat.); 2017 O Livro Disperso, Casa das Artes, Porto; 2015 Cascais International Book Art, Funda\u00e7\u00e3o D. Lu\u00eds, Cascais (cat.); 2015 Off the Shelf, The eclectic in the artist\u2019s book, I\u2019KLECTIK ART LAB, Londra, UK; 2014 Reflections On Art And Literature, Rosalux, Berlin, Alemagna (cat.); 2013 Dependent Publishing. An overlook on contemporary self-publishing practices in Portogallo, Salon fu\u0308r Kunstbuch, 21er Haus, Vienna, Austria; 2012 Off the shelf: the self and subjectivity in the artist\u2019s book, Stockwell Studios, Londra, UK; Biennale Internationale du Livre d\u2019Artiste, Arras, Francia (cat.)<\/p>\n","protected":false},"excerpt":{"rendered":"<p>Isabel Baraona insegna ESAD.CR dal 2003 nel corso di Arti plastiche. Ha conseguito una laurea in Pittura presso La Cambre (Belgio) e un dottorato [&hellip;]<\/p>\n","protected":false},"author":3,"featured_media":7535,"comment_status":"closed","ping_status":"closed","sticky":false,"template":"","format":"standard","meta":{"footnotes":""},"categories":[70],"tags":[],"class_list":["post-7378","post","type-post","status-publish","format-standard","has-post-thumbnail","hentry","category-autori-2019"],"_links":{"self":[{"href":"https:\/\/www.tracarte.it\/index.php?rest_route=\/wp\/v2\/posts\/7378","targetHints":{"allow":["GET"]}}],"collection":[{"href":"https:\/\/www.tracarte.it\/index.php?rest_route=\/wp\/v2\/posts"}],"about":[{"href":"https:\/\/www.tracarte.it\/index.php?rest_route=\/wp\/v2\/types\/post"}],"author":[{"embeddable":true,"href":"https:\/\/www.tracarte.it\/index.php?rest_route=\/wp\/v2\/users\/3"}],"replies":[{"embeddable":true,"href":"https:\/\/www.tracarte.it\/index.php?rest_route=%2Fwp%2Fv2%2Fcomments&post=7378"}],"version-history":[{"count":2,"href":"https:\/\/www.tracarte.it\/index.php?rest_route=\/wp\/v2\/posts\/7378\/revisions"}],"predecessor-version":[{"id":7603,"href":"https:\/\/www.tracarte.it\/index.php?rest_route=\/wp\/v2\/posts\/7378\/revisions\/7603"}],"wp:featuredmedia":[{"embeddable":true,"href":"https:\/\/www.tracarte.it\/index.php?rest_route=\/wp\/v2\/media\/7535"}],"wp:attachment":[{"href":"https:\/\/www.tracarte.it\/index.php?rest_route=%2Fwp%2Fv2%2Fmedia&parent=7378"}],"wp:term":[{"taxonomy":"category","embeddable":true,"href":"https:\/\/www.tracarte.it\/index.php?rest_route=%2Fwp%2Fv2%2Fcategories&post=7378"},{"taxonomy":"post_tag","embeddable":true,"href":"https:\/\/www.tracarte.it\/index.php?rest_route=%2Fwp%2Fv2%2Ftags&post=7378"}],"curies":[{"name":"wp","href":"https:\/\/api.w.org\/{rel}","templated":true}]}}